{"id":1007,"date":"2020-03-04T10:05:59","date_gmt":"2020-03-04T09:05:59","guid":{"rendered":"http:\/\/www.mazapanesbarroso.com\/blog\/?p=1007"},"modified":"2020-09-21T14:29:25","modified_gmt":"2020-09-21T12:29:25","slug":"mazapanes-barroso-salon-gourmets-2020-ifema","status":"publish","type":"post","link":"https:\/\/www.mazapanesbarroso.com\/blog\/mazapanes-barroso-salon-gourmets-2020-ifema\/","title":{"rendered":"Mazapanes Barroso y Sal\u00f3n Gourmets 2021 IFEMA"},"content":{"rendered":"<h5 style=\"text-align: center;\">A consecuencia del impacto nacional e internacional derivado del COVID-19, <a href=\"https:\/\/www.gourmets.net\/\" target=\"_blank\" rel=\"noopener noreferrer\"><strong>Grupo Gourmets<\/strong><\/a> ha decidido aplazar la realizaci\u00f3n de la 34 edici\u00f3n del Sal\u00f3n Gourmets al <strong>a\u00f1o 2021, del 12 al 15 de abril.<\/strong><\/h5>\n<p style=\"text-align: center;\">Para m\u00e1s informaci\u00f3n, acceda al siguiente enlace: <span style=\"color: #0000ff;\"><a style=\"color: #0000ff;\" href=\"https:\/\/www.gourmets.net\/salon-gourmets\" target=\"_blank\" rel=\"noopener noreferrer\">https:\/\/www.gourmets.net\/salon-gourmets<\/a><\/span><\/p>\n<p style=\"text-align: center;\">\u00a1<a href=\"https:\/\/www.mazapanesbarroso.com\/blog\/contacto\/\" target=\"_blank\" rel=\"noopener noreferrer\"><b>Contacta<\/b><\/a> con nosotros si tienes alguna duda! Estaremos encantados de poder atenderte.<\/p>\n<p>&nbsp;<\/p>\n<p style=\"text-align: center;\"><em>Seguiremos informando desde Mazapanes Barroso<\/em><\/p>\n<p>&nbsp;<\/p>\n","protected":false},"excerpt":{"rendered":"<p>A consecuencia del impacto nacional e internacional derivado del COVID-19, Grupo Gourmets ha decidido aplazar la realizaci\u00f3n de la 34 edici\u00f3n del Sal\u00f3n Gourmets al a\u00f1o 2021, del 12 al 15 de abril. Para m\u00e1s informaci\u00f3n, acceda al siguiente enlace: https:\/\/www.gourmets.net\/salon-gourmets \u00a1Contacta con nosotros si tienes alguna duda! Estaremos encantados de poder atenderte. &nbsp; Seguiremos&#8230;<\/p>\n","protected":false},"author":3,"featured_media":1008,"comment_status":"closed","ping_status":"closed","sticky":true,"template":"","format":"standard","meta":[],"categories":[1],"tags":[45,12,73,15,9],"yoast_head":"<!-- This site is optimized with the Yoast SEO plugin v17.1 - https:\/\/yoast.com\/wordpress\/plugins\/seo\/ -->\n<title>Mazapanes Barroso en Sal\u00f3n Gourmets 2020 | IFEMA<\/title>\n<meta name=\"description\" content=\"Este a\u00f1o Mazapanes Barroso a participado y colaborado con el Sal\u00f3n Gourmets 2020 que tuvo lugar en IFEMA. Visita nuestra tienda online de mazapanes.\" \/>\n<meta name=\"robots\" content=\"index, follow, max-snippet:-1, max-image-preview:large, max-video-preview:-1\" \/>\n<link rel=\"canonical\" href=\"https:\/\/www.mazapanesbarroso.com\/blog\/mazapanes-barroso-salon-gourmets-2020-ifema\/\" \/>\n<meta property=\"og:locale\" content=\"es_ES\" \/>\n<meta property=\"og:type\" content=\"article\" \/>\n<meta property=\"og:title\" content=\"Mazapanes Barroso en Sal\u00f3n Gourmets 2020 | IFEMA\" \/>\n<meta property=\"og:description\" content=\"Este a\u00f1o Mazapanes Barroso a participado y colaborado con el Sal\u00f3n Gourmets 2020 que tuvo lugar en IFEMA. Visita nuestra tienda online de mazapanes.\" \/>\n<meta property=\"og:url\" content=\"https:\/\/www.mazapanesbarroso.com\/blog\/mazapanes-barroso-salon-gourmets-2020-ifema\/\" \/>\n<meta property=\"og:site_name\" content=\"Mazapanes Barroso\" \/>\n<meta property=\"article:published_time\" content=\"2020-03-04T09:05:59+00:00\" \/>\n<meta property=\"article:modified_time\" content=\"2020-09-21T12:29:25+00:00\" \/>\n<meta property=\"og:image\" content=\"http:\/\/www.mazapanesbarroso.com\/blog\/wp-content\/uploads\/2020\/03\/logo-salon-gourmets-2020.jpg\" \/>\n\t<meta property=\"og:image:width\" content=\"785\" \/>\n\t<meta property=\"og:image:height\" content=\"450\" \/>\n<meta name=\"twitter:card\" content=\"summary_large_image\" \/>\n<meta name=\"twitter:label1\" content=\"Escrito por\" \/>\n\t<meta name=\"twitter:data1\" content=\"pedidos barroso\" \/>\n<script type=\"application\/ld+json\" class=\"yoast-schema-graph\">{\"@context\":\"https:\/\/schema.org\",\"@graph\":[{\"@type\":\"WebSite\",\"@id\":\"https:\/\/www.mazapanesbarroso.com\/blog\/#website\",\"url\":\"https:\/\/www.mazapanesbarroso.com\/blog\/\",\"name\":\"Mazapanes Barroso\",\"description\":\"Venta de Mazapanes al por mayor\",\"potentialAction\":[{\"@type\":\"SearchAction\",\"target\":{\"@type\":\"EntryPoint\",\"urlTemplate\":\"https:\/\/www.mazapanesbarroso.com\/blog\/?s={search_term_string}\"},\"query-input\":\"required name=search_term_string\"}],\"inLanguage\":\"es\"},{\"@type\":\"ImageObject\",\"@id\":\"https:\/\/www.mazapanesbarroso.com\/blog\/mazapanes-barroso-salon-gourmets-2020-ifema\/#primaryimage\",\"inLanguage\":\"es\",\"url\":\"https:\/\/www.mazapanesbarroso.com\/blog\/wp-content\/uploads\/2020\/03\/logo-salon-gourmets-2020.jpg\",\"contentUrl\":\"https:\/\/www.mazapanesbarroso.com\/blog\/wp-content\/uploads\/2020\/03\/logo-salon-gourmets-2020.jpg\",\"width\":785,\"height\":450,\"caption\":\"Mazapanes Barroso participa en Sal\\u00f3n Gourmets 2020\"},{\"@type\":\"WebPage\",\"@id\":\"https:\/\/www.mazapanesbarroso.com\/blog\/mazapanes-barroso-salon-gourmets-2020-ifema\/#webpage\",\"url\":\"https:\/\/www.mazapanesbarroso.com\/blog\/mazapanes-barroso-salon-gourmets-2020-ifema\/\",\"name\":\"Mazapanes Barroso en Sal\\u00f3n Gourmets 2020 | IFEMA\",\"isPartOf\":{\"@id\":\"https:\/\/www.mazapanesbarroso.com\/blog\/#website\"},\"primaryImageOfPage\":{\"@id\":\"https:\/\/www.mazapanesbarroso.com\/blog\/mazapanes-barroso-salon-gourmets-2020-ifema\/#primaryimage\"},\"datePublished\":\"2020-03-04T09:05:59+00:00\",\"dateModified\":\"2020-09-21T12:29:25+00:00\",\"author\":{\"@id\":\"https:\/\/www.mazapanesbarroso.com\/blog\/#\/schema\/person\/02cc68d101e37d0a3887be391de13905\"},\"description\":\"Este a\\u00f1o Mazapanes Barroso a participado y colaborado con el Sal\\u00f3n Gourmets 2020 que tuvo lugar en IFEMA. Visita nuestra tienda online de mazapanes.\",\"breadcrumb\":{\"@id\":\"https:\/\/www.mazapanesbarroso.com\/blog\/mazapanes-barroso-salon-gourmets-2020-ifema\/#breadcrumb\"},\"inLanguage\":\"es\",\"potentialAction\":[{\"@type\":\"ReadAction\",\"target\":[\"https:\/\/www.mazapanesbarroso.com\/blog\/mazapanes-barroso-salon-gourmets-2020-ifema\/\"]}]},{\"@type\":\"BreadcrumbList\",\"@id\":\"https:\/\/www.mazapanesbarroso.com\/blog\/mazapanes-barroso-salon-gourmets-2020-ifema\/#breadcrumb\",\"itemListElement\":[{\"@type\":\"ListItem\",\"position\":1,\"name\":\"Portada\",\"item\":\"https:\/\/www.mazapanesbarroso.com\/blog\/\"},{\"@type\":\"ListItem\",\"position\":2,\"name\":\"Mazapanes Barroso y Sal\\u00f3n Gourmets 2021 IFEMA\"}]},{\"@type\":\"Person\",\"@id\":\"https:\/\/www.mazapanesbarroso.com\/blog\/#\/schema\/person\/02cc68d101e37d0a3887be391de13905\",\"name\":\"pedidos barroso\",\"image\":{\"@type\":\"ImageObject\",\"@id\":\"https:\/\/www.mazapanesbarroso.com\/blog\/#personlogo\",\"inLanguage\":\"es\",\"url\":\"https:\/\/secure.gravatar.com\/avatar\/1d5853aedf4b99ef237729045f478605?s=96&d=mm&r=g\",\"contentUrl\":\"https:\/\/secure.gravatar.com\/avatar\/1d5853aedf4b99ef237729045f478605?s=96&d=mm&r=g\",\"caption\":\"pedidos barroso\"},\"url\":\"https:\/\/www.mazapanesbarroso.com\/blog\/author\/barroso\/\"}]}<\/script>\n<!-- \/ Yoast SEO plugin. -->","yoast_head_json":{"title":"Mazapanes Barroso en Sal\u00f3n Gourmets 2020 | IFEMA","description":"Este a\u00f1o Mazapanes Barroso a participado y colaborado con el Sal\u00f3n Gourmets 2020 que tuvo lugar en IFEMA. Visita nuestra tienda online de mazapanes.","robots":{"index":"index","follow":"follow","max-snippet":"max-snippet:-1","max-image-preview":"max-image-preview:large","max-video-preview":"max-video-preview:-1"},"canonical":"https:\/\/www.mazapanesbarroso.com\/blog\/mazapanes-barroso-salon-gourmets-2020-ifema\/","og_locale":"es_ES","og_type":"article","og_title":"Mazapanes Barroso en Sal\u00f3n Gourmets 2020 | IFEMA","og_description":"Este a\u00f1o Mazapanes Barroso a participado y colaborado con el Sal\u00f3n Gourmets 2020 que tuvo lugar en IFEMA. Visita nuestra tienda online de mazapanes.","og_url":"https:\/\/www.mazapanesbarroso.com\/blog\/mazapanes-barroso-salon-gourmets-2020-ifema\/","og_site_name":"Mazapanes Barroso","article_published_time":"2020-03-04T09:05:59+00:00","article_modified_time":"2020-09-21T12:29:25+00:00","og_image":[{"width":785,"height":450,"url":"http:\/\/www.mazapanesbarroso.com\/blog\/wp-content\/uploads\/2020\/03\/logo-salon-gourmets-2020.jpg","path":"\/home\/mazapanb\/public_html\/blog\/wp-content\/uploads\/2020\/03\/logo-salon-gourmets-2020.jpg","size":"full","id":1008,"alt":"Mazapanes Barroso participa en Sal\u00f3n Gourmets 2020","pixels":353250,"type":"image\/jpeg"}],"twitter_card":"summary_large_image","twitter_misc":{"Escrito por":"pedidos barroso"},"schema":{"@context":"https:\/\/schema.org","@graph":[{"@type":"WebSite","@id":"https:\/\/www.mazapanesbarroso.com\/blog\/#website","url":"https:\/\/www.mazapanesbarroso.com\/blog\/","name":"Mazapanes Barroso","description":"Venta de Mazapanes al por mayor","potentialAction":[{"@type":"SearchAction","target":{"@type":"EntryPoint","urlTemplate":"https:\/\/www.mazapanesbarroso.com\/blog\/?s={search_term_string}"},"query-input":"required name=search_term_string"}],"inLanguage":"es"},{"@type":"ImageObject","@id":"https:\/\/www.mazapanesbarroso.com\/blog\/mazapanes-barroso-salon-gourmets-2020-ifema\/#primaryimage","inLanguage":"es","url":"https:\/\/www.mazapanesbarroso.com\/blog\/wp-content\/uploads\/2020\/03\/logo-salon-gourmets-2020.jpg","contentUrl":"https:\/\/www.mazapanesbarroso.com\/blog\/wp-content\/uploads\/2020\/03\/logo-salon-gourmets-2020.jpg","width":785,"height":450,"caption":"Mazapanes Barroso participa en Sal\u00f3n Gourmets 2020"},{"@type":"WebPage","@id":"https:\/\/www.mazapanesbarroso.com\/blog\/mazapanes-barroso-salon-gourmets-2020-ifema\/#webpage","url":"https:\/\/www.mazapanesbarroso.com\/blog\/mazapanes-barroso-salon-gourmets-2020-ifema\/","name":"Mazapanes Barroso en Sal\u00f3n Gourmets 2020 | IFEMA","isPartOf":{"@id":"https:\/\/www.mazapanesbarroso.com\/blog\/#website"},"primaryImageOfPage":{"@id":"https:\/\/www.mazapanesbarroso.com\/blog\/mazapanes-barroso-salon-gourmets-2020-ifema\/#primaryimage"},"datePublished":"2020-03-04T09:05:59+00:00","dateModified":"2020-09-21T12:29:25+00:00","author":{"@id":"https:\/\/www.mazapanesbarroso.com\/blog\/#\/schema\/person\/02cc68d101e37d0a3887be391de13905"},"description":"Este a\u00f1o Mazapanes Barroso a participado y colaborado con el Sal\u00f3n Gourmets 2020 que tuvo lugar en IFEMA. Visita nuestra tienda online de mazapanes.","breadcrumb":{"@id":"https:\/\/www.mazapanesbarroso.com\/blog\/mazapanes-barroso-salon-gourmets-2020-ifema\/#breadcrumb"},"inLanguage":"es","potentialAction":[{"@type":"ReadAction","target":["https:\/\/www.mazapanesbarroso.com\/blog\/mazapanes-barroso-salon-gourmets-2020-ifema\/"]}]},{"@type":"BreadcrumbList","@id":"https:\/\/www.mazapanesbarroso.com\/blog\/mazapanes-barroso-salon-gourmets-2020-ifema\/#breadcrumb","itemListElement":[{"@type":"ListItem","position":1,"name":"Portada","item":"https:\/\/www.mazapanesbarroso.com\/blog\/"},{"@type":"ListItem","position":2,"name":"Mazapanes Barroso y Sal\u00f3n Gourmets 2021 IFEMA"}]},{"@type":"Person","@id":"https:\/\/www.mazapanesbarroso.com\/blog\/#\/schema\/person\/02cc68d101e37d0a3887be391de13905","name":"pedidos barroso","image":{"@type":"ImageObject","@id":"https:\/\/www.mazapanesbarroso.com\/blog\/#personlogo","inLanguage":"es","url":"https:\/\/secure.gravatar.com\/avatar\/1d5853aedf4b99ef237729045f478605?s=96&d=mm&r=g","contentUrl":"https:\/\/secure.gravatar.com\/avatar\/1d5853aedf4b99ef237729045f478605?s=96&d=mm&r=g","caption":"pedidos barroso"},"url":"https:\/\/www.mazapanesbarroso.com\/blog\/author\/barroso\/"}]}},"_links":{"self":[{"href":"https:\/\/www.mazapanesbarroso.com\/blog\/wp-json\/wp\/v2\/posts\/1007"}],"collection":[{"href":"https:\/\/www.mazapanesbarroso.com\/blog\/wp-json\/wp\/v2\/posts"}],"about":[{"href":"https:\/\/www.mazapanesbarroso.com\/blog\/wp-json\/wp\/v2\/types\/post"}],"author":[{"embeddable":true,"href":"https:\/\/www.mazapanesbarroso.com\/blog\/wp-json\/wp\/v2\/users\/3"}],"replies":[{"embeddable":true,"href":"https:\/\/www.mazapanesbarroso.com\/blog\/wp-json\/wp\/v2\/comments?post=1007"}],"version-history":[{"count":21,"href":"https:\/\/www.mazapanesbarroso.com\/blog\/wp-json\/wp\/v2\/posts\/1007\/revisions"}],"predecessor-version":[{"id":1445,"href":"https:\/\/www.mazapanesbarroso.com\/blog\/wp-json\/wp\/v2\/posts\/1007\/revisions\/1445"}],"wp:featuredmedia":[{"embeddable":true,"href":"https:\/\/www.mazapanesbarroso.com\/blog\/wp-json\/wp\/v2\/media\/1008"}],"wp:attachment":[{"href":"https:\/\/www.mazapanesbarroso.com\/blog\/wp-json\/wp\/v2\/media?parent=1007"}],"wp:term":[{"taxonomy":"category","embeddable":true,"href":"https:\/\/www.mazapanesbarroso.com\/blog\/wp-json\/wp\/v2\/categories?post=1007"},{"taxonomy":"post_tag","embeddable":true,"href":"https:\/\/www.mazapanesbarroso.com\/blog\/wp-json\/wp\/v2\/tags?post=1007"}],"curies":[{"name":"wp","href":"https:\/\/api.w.org\/{rel}","templated":true}]}}